{"id":7637,"date":"2019-06-10T19:49:03","date_gmt":"2019-06-10T17:49:03","guid":{"rendered":"https:\/\/mueblesjbrinas.com\/?p=7637"},"modified":"2021-08-18T12:45:36","modified_gmt":"2021-08-18T10:45:36","slug":"muebles-terraza-jardin","status":"publish","type":"post","link":"https:\/\/mueblesjbrinas.com\/es\/muebles-terraza-jardin\/","title":{"rendered":"Muebles de Jard\u00edn y Decoraci\u00f3n para Exteriores"},"content":{"rendered":"<p>El buen tiempo ha llegado y muchos busc\u00e1is inspiraci\u00f3n y consejos sobre c\u00f3mo <strong>decorar vuestras<\/strong> <strong>terraza, patio o jard\u00edn en casa<\/strong>.<\/p>\n<p>El encanto de decorar la terraza con <strong>muebles de jard\u00edn<\/strong>, es poder darle un toque personal con los muebles de exterior que mejor se adapten a vuestro estilo.<\/p>\n<p>La mejor decoraci\u00f3n para vuestra casa, ser\u00e1 aquella que os transmita paz y en la que os sint\u00e1is c\u00f3modos, ya sea en una reuni\u00f3n con amigos, trabajando o descansando.<\/p>\n<p>Existen <strong>diferentes estilos y t\u00e9cnicas de decoraci\u00f3n<\/strong>, que mediante los muebles de jard\u00edn adecuados, podr\u00e9is conseguir un rinc\u00f3n muy especial en vuestro jard\u00edn o patio.<\/p>\n<ul>\n<li>Amuebla tu jard\u00edn o espacio de exterior preferido siempre teniendo en cuenta el equilibrio entre espacio y muebles de jard\u00edn. Es importante saber qu\u00e9 piezas b\u00e1sicas quieres y a partir de ah\u00ed construir poco a poco sin recargar el \u00e1rea escogida.<\/li>\n<\/ul>\n<blockquote><p><em>Recordar que en nuestra <a href=\"https:\/\/mueblesjbrinas.com\/es\/tienda\/\" target=\"_blank\" rel=\"noopener\">tienda de muebles online<\/a>, ten\u00e9is una gran oferta de muebles de jard\u00edn y conjuntos de muebles para elegir vuestra decoraci\u00f3n preferida.<\/em><\/p>\n<p><em>Tambi\u00e9n pod\u00e9is visitarnos en nuestra <strong>tienda de muebles en Torrevieja<\/strong>.<\/em><\/p><\/blockquote>\n<ul>\n<li>No tengas miedo por probar innovar y crear cosas nuevas. Si\u00e9ntete a gusto con la decoraci\u00f3n de tu terraza y los muebles que escojas.<\/li>\n<li>Ten en cuenta elementos como las paredes disponibles, materiales, vegetaci\u00f3n y sombras que se puedan producir con unos muebles u otros.<\/li>\n<li>Escoge conjuntos de muebles de jard\u00edn, suelen ser muy efectivos para empezar a montar y decorar tu jard\u00edn de cero.<\/li>\n<\/ul>\n<blockquote><p><em>Encontrar\u00e1s una amplia variedad de conjuntos de muebles de jard\u00edn en nuestra secci\u00f3n, <a href=\"https:\/\/mueblesjbrinas.com\/es\/categoria-producto\/sets-de-jardin\/\" target=\"_blank\" rel=\"noopener\">Sets de jard\u00edn<\/a>.<\/em><\/p><\/blockquote>\n<p>Disfrutar de vuestra terraza, patio o jard\u00edn puesto que es un gran valor a\u00f1adido para vuestro hogar.<\/p>\n<p>Todos aquellos que pose\u00e9is un espacio como este, sois unos afortunados ya que ten\u00e9is la oportunidad de disfrutar de d\u00edas y noches al aire libre, \u00a1Decorarlo con vuestros muebles de jard\u00edn favoritos y crear fant\u00e1sticos que pueden convertirse en vuestros lugares favoritos!<\/p>\n<p><img fetchpriority=\"high\" decoding=\"async\" class=\"size-large wp-image-7129 aligncenter\" src=\"https:\/\/mueblesjbrinas.com\/wp-content\/uploads\/2019\/05\/4komod-5-sofa-nardi--1024x623.jpg\" alt=\"\" width=\"1024\" height=\"623\" srcset=\"https:\/\/mueblesjbrinas.com\/wp-content\/uploads\/2019\/05\/4komod-5-sofa-nardi--1024x623.jpg 1024w, https:\/\/mueblesjbrinas.com\/wp-content\/uploads\/2019\/05\/4komod-5-sofa-nardi--350x213.jpg 350w, https:\/\/mueblesjbrinas.com\/wp-content\/uploads\/2019\/05\/4komod-5-sofa-nardi--680x414.jpg 680w, https:\/\/mueblesjbrinas.com\/wp-content\/uploads\/2019\/05\/4komod-5-sofa-nardi--300x183.jpg 300w, https:\/\/mueblesjbrinas.com\/wp-content\/uploads\/2019\/05\/4komod-5-sofa-nardi--768x467.jpg 768w, https:\/\/mueblesjbrinas.com\/wp-content\/uploads\/2019\/05\/4komod-5-sofa-nardi--1080x657.jpg 1080w, https:\/\/mueblesjbrinas.com\/wp-content\/uploads\/2019\/05\/4komod-5-sofa-nardi--650x395.jpg 650w, https:\/\/mueblesjbrinas.com\/wp-content\/uploads\/2019\/05\/4komod-5-sofa-nardi-.jpg 1440w\" sizes=\"(max-width: 1024px) 100vw, 1024px\" \/><\/p>\n<hr \/>\n<p>&nbsp;<\/p>\n<ul>\n<li>\u00bfTe gustar\u00eda saber m\u00e1s sobre nuestros muebles de jard\u00edn?<strong> <a href=\"https:\/\/mueblesjbrinas.com\/es\/tienda\/\" target=\"_blank\" rel=\"noopener\">Clic aqu\u00ed<\/a>.<\/strong><\/li>\n<li>\u00bfBuscas muebles en Torrevieja? <strong><a href=\"https:\/\/mueblesjbrinas.com\/es\/muebles-torrevieja\/\" target=\"_blank\" rel=\"noopener\">M\u00e1s informaci\u00f3n en este art\u00edculo<\/a>.<\/strong><\/li>\n<\/ul>\n","protected":false},"excerpt":{"rendered":"<p>El buen tiempo ha llegado y muchos busc\u00e1is inspiraci\u00f3n y consejos sobre c\u00f3mo decorar vuestras terraza, patio o jard\u00edn en casa. El encanto de decorar la terraza con muebles de jard\u00edn, es poder darle un toque personal con los muebles de exterior que mejor se adapten a vuestro estilo. La mejor decoraci\u00f3n para vuestra casa, &hellip;<\/p>\n","protected":false},"author":1,"featured_media":7032,"comment_status":"closed","ping_status":"closed","sticky":false,"template":"","format":"standard","meta":{"_acf_changed":false,"_joinchat":[],"footnotes":""},"categories":[178,186],"tags":[223,180,221,181,224,222],"class_list":["post-7637","post","type-post","status-publish","format-standard","has-post-thumbnail","hentry","category-muebles-de-exterior","category-muebles-en-torrevieja","tag-jardin","tag-muebles-de-exterior","tag-muebles-de-jardin","tag-muebles-torrevieja","tag-patio","tag-terraza"],"acf":[],"yoast_head":"<!-- This site is optimized with the Yoast SEO Premium plugin v22.5 (Yoast SEO v24.8) - https:\/\/yoast.com\/wordpress\/plugins\/seo\/ -->\n<title>\u25b7 Muebles de jard\u00edn en Muebles J.Bri\u00f1as | Muebles de exterior<\/title>\n<meta name=\"description\" content=\"Decora tu terraza, patio o jard\u00edn con los muebles adecuados. En Muebles J. Bri\u00f1as te damos las claves, para decorar con Muebles de Jard\u00edn\" \/>\n<meta name=\"robots\" content=\"index, follow, max-snippet:-1, max-image-preview:large, max-video-preview:-1\" \/>\n<link rel=\"canonical\" href=\"https:\/\/mueblesjbrinas.com\/es\/muebles-terraza-jardin\/\" \/>\n<meta property=\"og:locale\" content=\"es_ES\" \/>\n<meta property=\"og:type\" content=\"article\" \/>\n<meta property=\"og:title\" content=\"Muebles de Jard\u00edn y Decoraci\u00f3n para Exteriores\" \/>\n<meta property=\"og:description\" content=\"Decora tu terraza, patio o jard\u00edn con los muebles adecuados. En Muebles J. Bri\u00f1as te damos las claves, para decorar con Muebles de Jard\u00edn\" \/>\n<meta property=\"og:url\" content=\"https:\/\/mueblesjbrinas.com\/es\/muebles-terraza-jardin\/\" \/>\n<meta property=\"og:site_name\" content=\"In &amp; Out Furniture\" \/>\n<meta property=\"article:publisher\" content=\"https:\/\/www.facebook.com\/mueblesjbrinas\" \/>\n<meta property=\"article:published_time\" content=\"2019-06-10T17:49:03+00:00\" \/>\n<meta property=\"article:modified_time\" content=\"2021-08-18T10:45:36+00:00\" \/>\n<meta property=\"og:image\" content=\"https:\/\/mueblesjbrinas.com\/wp-content\/uploads\/2019\/05\/0sillon-trill-nardi-.jpg\" \/>\n\t<meta property=\"og:image:width\" content=\"1440\" \/>\n\t<meta property=\"og:image:height\" content=\"929\" \/>\n\t<meta property=\"og:image:type\" content=\"image\/jpeg\" \/>\n<meta name=\"author\" content=\"In&amp;Out Furniture\" \/>\n<meta name=\"twitter:card\" content=\"summary_large_image\" \/>\n<meta name=\"twitter:label1\" content=\"Escrito por\" \/>\n\t<meta name=\"twitter:data1\" content=\"In&amp;Out Furniture\" \/>\n\t<meta name=\"twitter:label2\" content=\"Tiempo de lectura\" \/>\n\t<meta name=\"twitter:data2\" content=\"2 minutos\" \/>\n<script type=\"application\/ld+json\" class=\"yoast-schema-graph\">{\"@context\":\"https:\/\/schema.org\",\"@graph\":[{\"@type\":\"Article\",\"@id\":\"https:\/\/mueblesjbrinas.com\/es\/muebles-terraza-jardin\/#article\",\"isPartOf\":{\"@id\":\"https:\/\/mueblesjbrinas.com\/es\/muebles-terraza-jardin\/\"},\"author\":{\"name\":\"In&amp;Out Furniture\",\"@id\":\"https:\/\/mueblesjbrinas.com\/es\/#\/schema\/person\/e8852ffe751c446feb23dec8cd302af3\"},\"headline\":\"Muebles de Jard\u00edn y Decoraci\u00f3n para Exteriores\",\"datePublished\":\"2019-06-10T17:49:03+00:00\",\"dateModified\":\"2021-08-18T10:45:36+00:00\",\"mainEntityOfPage\":{\"@id\":\"https:\/\/mueblesjbrinas.com\/es\/muebles-terraza-jardin\/\"},\"wordCount\":394,\"publisher\":{\"@id\":\"https:\/\/mueblesjbrinas.com\/es\/#organization\"},\"image\":{\"@id\":\"https:\/\/mueblesjbrinas.com\/es\/muebles-terraza-jardin\/#primaryimage\"},\"thumbnailUrl\":\"https:\/\/mueblesjbrinas.com\/wp-content\/uploads\/2019\/05\/0sillon-trill-nardi-.jpg\",\"keywords\":[\"jard\u00edn\",\"muebles de exterior\",\"muebles de jard\u00edn\",\"muebles torrevieja\",\"patio\",\"terraza\"],\"articleSection\":[\"Muebles de exterior\",\"Muebles en Torrevieja\"],\"inLanguage\":\"es\"},{\"@type\":\"WebPage\",\"@id\":\"https:\/\/mueblesjbrinas.com\/es\/muebles-terraza-jardin\/\",\"url\":\"https:\/\/mueblesjbrinas.com\/es\/muebles-terraza-jardin\/\",\"name\":\"\u25b7 Muebles de jard\u00edn en Muebles J.Bri\u00f1as | Muebles de exterior\",\"isPartOf\":{\"@id\":\"https:\/\/mueblesjbrinas.com\/es\/#website\"},\"primaryImageOfPage\":{\"@id\":\"https:\/\/mueblesjbrinas.com\/es\/muebles-terraza-jardin\/#primaryimage\"},\"image\":{\"@id\":\"https:\/\/mueblesjbrinas.com\/es\/muebles-terraza-jardin\/#primaryimage\"},\"thumbnailUrl\":\"https:\/\/mueblesjbrinas.com\/wp-content\/uploads\/2019\/05\/0sillon-trill-nardi-.jpg\",\"datePublished\":\"2019-06-10T17:49:03+00:00\",\"dateModified\":\"2021-08-18T10:45:36+00:00\",\"description\":\"Decora tu terraza, patio o jard\u00edn con los muebles adecuados. En Muebles J. Bri\u00f1as te damos las claves, para decorar con Muebles de Jard\u00edn\",\"breadcrumb\":{\"@id\":\"https:\/\/mueblesjbrinas.com\/es\/muebles-terraza-jardin\/#breadcrumb\"},\"inLanguage\":\"es\",\"potentialAction\":[{\"@type\":\"ReadAction\",\"target\":[\"https:\/\/mueblesjbrinas.com\/es\/muebles-terraza-jardin\/\"]}]},{\"@type\":\"ImageObject\",\"inLanguage\":\"es\",\"@id\":\"https:\/\/mueblesjbrinas.com\/es\/muebles-terraza-jardin\/#primaryimage\",\"url\":\"https:\/\/mueblesjbrinas.com\/wp-content\/uploads\/2019\/05\/0sillon-trill-nardi-.jpg\",\"contentUrl\":\"https:\/\/mueblesjbrinas.com\/wp-content\/uploads\/2019\/05\/0sillon-trill-nardi-.jpg\",\"width\":1440,\"height\":929},{\"@type\":\"BreadcrumbList\",\"@id\":\"https:\/\/mueblesjbrinas.com\/es\/muebles-terraza-jardin\/#breadcrumb\",\"itemListElement\":[{\"@type\":\"ListItem\",\"position\":1,\"name\":\"Portada\",\"item\":\"https:\/\/mueblesjbrinas.com\/es\/\"},{\"@type\":\"ListItem\",\"position\":2,\"name\":\"Muebles de Jard\u00edn y Decoraci\u00f3n para Exteriores\"}]},{\"@type\":\"WebSite\",\"@id\":\"https:\/\/mueblesjbrinas.com\/es\/#website\",\"url\":\"https:\/\/mueblesjbrinas.com\/es\/\",\"name\":\"Muebles Bri\u00f1as\",\"description\":\"Online Outdoor Furniture Shop in Costa Blanca. Torrevieja, Rojales, Guardamar, San Javier.\",\"publisher\":{\"@id\":\"https:\/\/mueblesjbrinas.com\/es\/#organization\"},\"potentialAction\":[{\"@type\":\"SearchAction\",\"target\":{\"@type\":\"EntryPoint\",\"urlTemplate\":\"https:\/\/mueblesjbrinas.com\/es\/?s={search_term_string}\"},\"query-input\":{\"@type\":\"PropertyValueSpecification\",\"valueRequired\":true,\"valueName\":\"search_term_string\"}}],\"inLanguage\":\"es\"},{\"@type\":\"Organization\",\"@id\":\"https:\/\/mueblesjbrinas.com\/es\/#organization\",\"name\":\"In&Out Furniture\",\"alternateName\":\"Muebles J. Bri\u00f1as\",\"url\":\"https:\/\/mueblesjbrinas.com\/es\/\",\"logo\":{\"@type\":\"ImageObject\",\"inLanguage\":\"es\",\"@id\":\"https:\/\/mueblesjbrinas.com\/es\/#\/schema\/logo\/image\/\",\"url\":\"https:\/\/mueblesjbrinas.com\/wp-content\/uploads\/2018\/03\/logo-web.png\",\"contentUrl\":\"https:\/\/mueblesjbrinas.com\/wp-content\/uploads\/2018\/03\/logo-web.png\",\"width\":300,\"height\":146,\"caption\":\"In&Out Furniture\"},\"image\":{\"@id\":\"https:\/\/mueblesjbrinas.com\/es\/#\/schema\/logo\/image\/\"},\"sameAs\":[\"https:\/\/www.facebook.com\/mueblesjbrinas\"]},{\"@type\":\"Person\",\"@id\":\"https:\/\/mueblesjbrinas.com\/es\/#\/schema\/person\/e8852ffe751c446feb23dec8cd302af3\",\"name\":\"In&amp;Out Furniture\",\"url\":\"https:\/\/mueblesjbrinas.com\/es\/author\/mueblesjbrinas_user\/\"}]}<\/script>\n<!-- \/ Yoast SEO Premium plugin. -->","yoast_head_json":{"title":"\u25b7 Muebles de jard\u00edn en Muebles J.Bri\u00f1as | Muebles de exterior","description":"Decora tu terraza, patio o jard\u00edn con los muebles adecuados. En Muebles J. Bri\u00f1as te damos las claves, para decorar con Muebles de Jard\u00edn","robots":{"index":"index","follow":"follow","max-snippet":"max-snippet:-1","max-image-preview":"max-image-preview:large","max-video-preview":"max-video-preview:-1"},"canonical":"https:\/\/mueblesjbrinas.com\/es\/muebles-terraza-jardin\/","og_locale":"es_ES","og_type":"article","og_title":"Muebles de Jard\u00edn y Decoraci\u00f3n para Exteriores","og_description":"Decora tu terraza, patio o jard\u00edn con los muebles adecuados. En Muebles J. Bri\u00f1as te damos las claves, para decorar con Muebles de Jard\u00edn","og_url":"https:\/\/mueblesjbrinas.com\/es\/muebles-terraza-jardin\/","og_site_name":"In &amp; Out Furniture","article_publisher":"https:\/\/www.facebook.com\/mueblesjbrinas","article_published_time":"2019-06-10T17:49:03+00:00","article_modified_time":"2021-08-18T10:45:36+00:00","og_image":[{"width":1440,"height":929,"url":"https:\/\/mueblesjbrinas.com\/wp-content\/uploads\/2019\/05\/0sillon-trill-nardi-.jpg","type":"image\/jpeg"}],"author":"In&amp;Out Furniture","twitter_card":"summary_large_image","twitter_misc":{"Escrito por":"In&amp;Out Furniture","Tiempo de lectura":"2 minutos"},"schema":{"@context":"https:\/\/schema.org","@graph":[{"@type":"Article","@id":"https:\/\/mueblesjbrinas.com\/es\/muebles-terraza-jardin\/#article","isPartOf":{"@id":"https:\/\/mueblesjbrinas.com\/es\/muebles-terraza-jardin\/"},"author":{"name":"In&amp;Out Furniture","@id":"https:\/\/mueblesjbrinas.com\/es\/#\/schema\/person\/e8852ffe751c446feb23dec8cd302af3"},"headline":"Muebles de Jard\u00edn y Decoraci\u00f3n para Exteriores","datePublished":"2019-06-10T17:49:03+00:00","dateModified":"2021-08-18T10:45:36+00:00","mainEntityOfPage":{"@id":"https:\/\/mueblesjbrinas.com\/es\/muebles-terraza-jardin\/"},"wordCount":394,"publisher":{"@id":"https:\/\/mueblesjbrinas.com\/es\/#organization"},"image":{"@id":"https:\/\/mueblesjbrinas.com\/es\/muebles-terraza-jardin\/#primaryimage"},"thumbnailUrl":"https:\/\/mueblesjbrinas.com\/wp-content\/uploads\/2019\/05\/0sillon-trill-nardi-.jpg","keywords":["jard\u00edn","muebles de exterior","muebles de jard\u00edn","muebles torrevieja","patio","terraza"],"articleSection":["Muebles de exterior","Muebles en Torrevieja"],"inLanguage":"es"},{"@type":"WebPage","@id":"https:\/\/mueblesjbrinas.com\/es\/muebles-terraza-jardin\/","url":"https:\/\/mueblesjbrinas.com\/es\/muebles-terraza-jardin\/","name":"\u25b7 Muebles de jard\u00edn en Muebles J.Bri\u00f1as | Muebles de exterior","isPartOf":{"@id":"https:\/\/mueblesjbrinas.com\/es\/#website"},"primaryImageOfPage":{"@id":"https:\/\/mueblesjbrinas.com\/es\/muebles-terraza-jardin\/#primaryimage"},"image":{"@id":"https:\/\/mueblesjbrinas.com\/es\/muebles-terraza-jardin\/#primaryimage"},"thumbnailUrl":"https:\/\/mueblesjbrinas.com\/wp-content\/uploads\/2019\/05\/0sillon-trill-nardi-.jpg","datePublished":"2019-06-10T17:49:03+00:00","dateModified":"2021-08-18T10:45:36+00:00","description":"Decora tu terraza, patio o jard\u00edn con los muebles adecuados. En Muebles J. Bri\u00f1as te damos las claves, para decorar con Muebles de Jard\u00edn","breadcrumb":{"@id":"https:\/\/mueblesjbrinas.com\/es\/muebles-terraza-jardin\/#breadcrumb"},"inLanguage":"es","potentialAction":[{"@type":"ReadAction","target":["https:\/\/mueblesjbrinas.com\/es\/muebles-terraza-jardin\/"]}]},{"@type":"ImageObject","inLanguage":"es","@id":"https:\/\/mueblesjbrinas.com\/es\/muebles-terraza-jardin\/#primaryimage","url":"https:\/\/mueblesjbrinas.com\/wp-content\/uploads\/2019\/05\/0sillon-trill-nardi-.jpg","contentUrl":"https:\/\/mueblesjbrinas.com\/wp-content\/uploads\/2019\/05\/0sillon-trill-nardi-.jpg","width":1440,"height":929},{"@type":"BreadcrumbList","@id":"https:\/\/mueblesjbrinas.com\/es\/muebles-terraza-jardin\/#breadcrumb","itemListElement":[{"@type":"ListItem","position":1,"name":"Portada","item":"https:\/\/mueblesjbrinas.com\/es\/"},{"@type":"ListItem","position":2,"name":"Muebles de Jard\u00edn y Decoraci\u00f3n para Exteriores"}]},{"@type":"WebSite","@id":"https:\/\/mueblesjbrinas.com\/es\/#website","url":"https:\/\/mueblesjbrinas.com\/es\/","name":"Muebles Bri\u00f1as","description":"Online Outdoor Furniture Shop in Costa Blanca. Torrevieja, Rojales, Guardamar, San Javier.","publisher":{"@id":"https:\/\/mueblesjbrinas.com\/es\/#organization"},"potentialAction":[{"@type":"SearchAction","target":{"@type":"EntryPoint","urlTemplate":"https:\/\/mueblesjbrinas.com\/es\/?s={search_term_string}"},"query-input":{"@type":"PropertyValueSpecification","valueRequired":true,"valueName":"search_term_string"}}],"inLanguage":"es"},{"@type":"Organization","@id":"https:\/\/mueblesjbrinas.com\/es\/#organization","name":"In&Out Furniture","alternateName":"Muebles J. Bri\u00f1as","url":"https:\/\/mueblesjbrinas.com\/es\/","logo":{"@type":"ImageObject","inLanguage":"es","@id":"https:\/\/mueblesjbrinas.com\/es\/#\/schema\/logo\/image\/","url":"https:\/\/mueblesjbrinas.com\/wp-content\/uploads\/2018\/03\/logo-web.png","contentUrl":"https:\/\/mueblesjbrinas.com\/wp-content\/uploads\/2018\/03\/logo-web.png","width":300,"height":146,"caption":"In&Out Furniture"},"image":{"@id":"https:\/\/mueblesjbrinas.com\/es\/#\/schema\/logo\/image\/"},"sameAs":["https:\/\/www.facebook.com\/mueblesjbrinas"]},{"@type":"Person","@id":"https:\/\/mueblesjbrinas.com\/es\/#\/schema\/person\/e8852ffe751c446feb23dec8cd302af3","name":"In&amp;Out Furniture","url":"https:\/\/mueblesjbrinas.com\/es\/author\/mueblesjbrinas_user\/"}]}},"_links":{"self":[{"href":"https:\/\/mueblesjbrinas.com\/es\/wp-json\/wp\/v2\/posts\/7637","targetHints":{"allow":["GET"]}}],"collection":[{"href":"https:\/\/mueblesjbrinas.com\/es\/wp-json\/wp\/v2\/posts"}],"about":[{"href":"https:\/\/mueblesjbrinas.com\/es\/wp-json\/wp\/v2\/types\/post"}],"author":[{"embeddable":true,"href":"https:\/\/mueblesjbrinas.com\/es\/wp-json\/wp\/v2\/users\/1"}],"replies":[{"embeddable":true,"href":"https:\/\/mueblesjbrinas.com\/es\/wp-json\/wp\/v2\/comments?post=7637"}],"version-history":[{"count":3,"href":"https:\/\/mueblesjbrinas.com\/es\/wp-json\/wp\/v2\/posts\/7637\/revisions"}],"predecessor-version":[{"id":11146,"href":"https:\/\/mueblesjbrinas.com\/es\/wp-json\/wp\/v2\/posts\/7637\/revisions\/11146"}],"wp:featuredmedia":[{"embeddable":true,"href":"https:\/\/mueblesjbrinas.com\/es\/wp-json\/wp\/v2\/media\/7032"}],"wp:attachment":[{"href":"https:\/\/mueblesjbrinas.com\/es\/wp-json\/wp\/v2\/media?parent=7637"}],"wp:term":[{"taxonomy":"category","embeddable":true,"href":"https:\/\/mueblesjbrinas.com\/es\/wp-json\/wp\/v2\/categories?post=7637"},{"taxonomy":"post_tag","embeddable":true,"href":"https:\/\/mueblesjbrinas.com\/es\/wp-json\/wp\/v2\/tags?post=7637"}],"curies":[{"name":"wp","href":"https:\/\/api.w.org\/{rel}","templated":true}]}}