{"id":12409,"date":"2024-03-25T16:27:47","date_gmt":"2024-03-25T14:27:47","guid":{"rendered":"https:\/\/mueblesjbrinas.com\/?p=12409"},"modified":"2026-01-08T12:45:00","modified_gmt":"2026-01-08T10:45:00","slug":"san-javier-muebles-jardines-terraza-patio","status":"publish","type":"post","link":"https:\/\/mueblesjbrinas.com\/es\/san-javier-muebles-jardines-terraza-patio\/","title":{"rendered":"Muebles en San Javier, para jardines, terrazas, patios e interior | In&#038;Out"},"content":{"rendered":"<p>Tras tantos a\u00f1os en el sector, nos enorgullece mucho seguir creciendo y expandi\u00e9ndonos, y por eso ahora podemos llevar nuestra amplia gama de <strong>muebles de exterior premium<\/strong> a San Javier. Aqu\u00ed en In&amp;Out tendr\u00e1s todo lo necesario para transformar tu espacio exterior en un <strong>oasis de confort<\/strong>.<\/p>\n<p><img fetchpriority=\"high\" decoding=\"async\" class=\"size-full wp-image-12406 aligncenter\" src=\"https:\/\/mueblesjbrinas.com\/wp-content\/uploads\/2024\/02\/Imagen-Destacada-Web-InOut-Muebles-J.-Brinas-700x437px-28.jpg\" alt=\"San Javier Muebles\" width=\"700\" height=\"437\" srcset=\"https:\/\/mueblesjbrinas.com\/wp-content\/uploads\/2024\/02\/Imagen-Destacada-Web-InOut-Muebles-J.-Brinas-700x437px-28.jpg 700w, https:\/\/mueblesjbrinas.com\/wp-content\/uploads\/2024\/02\/Imagen-Destacada-Web-InOut-Muebles-J.-Brinas-700x437px-28-350x219.jpg 350w, https:\/\/mueblesjbrinas.com\/wp-content\/uploads\/2024\/02\/Imagen-Destacada-Web-InOut-Muebles-J.-Brinas-700x437px-28-680x425.jpg 680w, https:\/\/mueblesjbrinas.com\/wp-content\/uploads\/2024\/02\/Imagen-Destacada-Web-InOut-Muebles-J.-Brinas-700x437px-28-300x187.jpg 300w, https:\/\/mueblesjbrinas.com\/wp-content\/uploads\/2024\/02\/Imagen-Destacada-Web-InOut-Muebles-J.-Brinas-700x437px-28-400x250.jpg 400w, https:\/\/mueblesjbrinas.com\/wp-content\/uploads\/2024\/02\/Imagen-Destacada-Web-InOut-Muebles-J.-Brinas-700x437px-28-480x300.jpg 480w\" sizes=\"(max-width: 700px) 100vw, 700px\" \/><\/p>\n<h2><span class=\"ez-toc-section\" id=\"Explora_nuestra_tienda_de_muebles_para_jardines_terrazas_y_patios\"><\/span>Explora nuestra tienda de muebles para jardines terrazas y patios.<span class=\"ez-toc-section-end\"><\/span><\/h2><div id=\"ez-toc-container\" class=\"ez-toc-v2_0_73 counter-hierarchy ez-toc-counter ez-toc-grey ez-toc-container-direction\">\n<div class=\"ez-toc-title-container\">\n<p class=\"ez-toc-title\" style=\"cursor:inherit\">Contenidos en este art\u00edculo.<\/p>\n<span class=\"ez-toc-title-toggle\"><a href=\"#\" class=\"ez-toc-pull-right ez-toc-btn ez-toc-btn-xs ez-toc-btn-default ez-toc-toggle\" aria-label=\"Alternar tabla de contenidos\"><span class=\"ez-toc-js-icon-con\"><span class=\"\"><span class=\"eztoc-hide\" style=\"display:none;\">Toggle<\/span><span class=\"ez-toc-icon-toggle-span\"><svg style=\"fill: #999;color:#999\" xmlns=\"http:\/\/www.w3.org\/2000\/svg\" class=\"list-377408\" width=\"20px\" height=\"20px\" viewBox=\"0 0 24 24\" fill=\"none\"><path d=\"M6 6H4v2h2V6zm14 0H8v2h12V6zM4 11h2v2H4v-2zm16 0H8v2h12v-2zM4 16h2v2H4v-2zm16 0H8v2h12v-2z\" fill=\"currentColor\"><\/path><\/svg><svg style=\"fill: #999;color:#999\" class=\"arrow-unsorted-368013\" xmlns=\"http:\/\/www.w3.org\/2000\/svg\" width=\"10px\" height=\"10px\" viewBox=\"0 0 24 24\" version=\"1.2\" baseProfile=\"tiny\"><path d=\"M18.2 9.3l-6.2-6.3-6.2 6.3c-.2.2-.3.4-.3.7s.1.5.3.7c.2.2.4.3.7.3h11c.3 0 .5-.1.7-.3.2-.2.3-.5.3-.7s-.1-.5-.3-.7zM5.8 14.7l6.2 6.3 6.2-6.3c.2-.2.3-.5.3-.7s-.1-.5-.3-.7c-.2-.2-.4-.3-.7-.3h-11c-.3 0-.5.1-.7.3-.2.2-.3.5-.3.7s.1.5.3.7z\"\/><\/svg><\/span><\/span><\/span><\/a><\/span><\/div>\n<nav><ul class='ez-toc-list ez-toc-list-level-1 ' ><li class='ez-toc-page-1 ez-toc-heading-level-2'><a class=\"ez-toc-link ez-toc-heading-1\" href=\"https:\/\/mueblesjbrinas.com\/es\/san-javier-muebles-jardines-terraza-patio\/#Explora_nuestra_tienda_de_muebles_para_jardines_terrazas_y_patios\" title=\"Explora nuestra tienda de muebles para jardines terrazas y patios.\">Explora nuestra tienda de muebles para jardines terrazas y patios.<\/a><\/li><li class='ez-toc-page-1 ez-toc-heading-level-2'><a class=\"ez-toc-link ez-toc-heading-2\" href=\"https:\/\/mueblesjbrinas.com\/es\/san-javier-muebles-jardines-terraza-patio\/#Tumbonas_para_la_maxima_relajacion_bajo_el_sol_de_San_Javier\" title=\"Tumbonas para la m\u00e1xima relajaci\u00f3n bajo el sol de San Javier.\">Tumbonas para la m\u00e1xima relajaci\u00f3n bajo el sol de San Javier.<\/a><\/li><li class='ez-toc-page-1 ez-toc-heading-level-2'><a class=\"ez-toc-link ez-toc-heading-3\" href=\"https:\/\/mueblesjbrinas.com\/es\/san-javier-muebles-jardines-terraza-patio\/#Muebles_de_exterior_en_San_Javier\" title=\"Muebles de exterior en San Javier\">Muebles de exterior en San Javier<\/a><\/li><li class='ez-toc-page-1 ez-toc-heading-level-2'><a class=\"ez-toc-link ez-toc-heading-4\" href=\"https:\/\/mueblesjbrinas.com\/es\/san-javier-muebles-jardines-terraza-patio\/#Creando_espacios_comodos_y_eficientes_con_nuestros_muebles_para_patio\" title=\"Creando espacios c\u00f3modos y eficientes con nuestros muebles para patio.\">Creando espacios c\u00f3modos y eficientes con nuestros muebles para patio.<\/a><\/li><li class='ez-toc-page-1 ez-toc-heading-level-2'><a class=\"ez-toc-link ez-toc-heading-5\" href=\"https:\/\/mueblesjbrinas.com\/es\/san-javier-muebles-jardines-terraza-patio\/#Te_esperamos_en_San_Javier_con_muebles_para_cualquier_espacio\" title=\"Te esperamos en San Javier, con muebles para cualquier espacio.\">Te esperamos en San Javier, con muebles para cualquier espacio.<\/a><\/li><\/ul><\/nav><\/div>\n\n<p>Lo mejor de tener un cat\u00e1logo tan amplio es que podr\u00e1s crear espacios exteriores que reflejen tu estilo y personalidad <strong>completamente a tu gusto<\/strong> de forma f\u00e1cil y sencilla.<\/p>\n<p>Nuestra nueva tienda de <strong>muebles en San Javier<\/strong> cuenta con una amplia selecci\u00f3n de muebles de exterior, incluyendo tumbonas, sof\u00e1s al aire libre y muebles de patio, dise\u00f1ados para adaptarse a cualquier patio, jard\u00edn o terraza.<\/p>\n<h2><span class=\"ez-toc-section\" id=\"Tumbonas_para_la_maxima_relajacion_bajo_el_sol_de_San_Javier\"><\/span>Tumbonas para la m\u00e1xima relajaci\u00f3n bajo el sol de San Javier.<span class=\"ez-toc-section-end\"><\/span><\/h2>\n<p>\u00bfBuscas relajarte y disfrutar del sol en la comodidad de tu propio patio? Nuestras <a href=\"https:\/\/mueblesjbrinas.com\/es\/categoria-producto\/muebles-de-jardin\/tumbonas\/\" target=\"_blank\" rel=\"noopener\">tumbonas<\/a> son la elecci\u00f3n perfecta.<\/p>\n<p>Con una gran variedad de estilos, materiales y dise\u00f1os, estamos seguros de que encontrar\u00e1s <strong>la tumbona ideal<\/strong> para disfrutar de esos d\u00edas soleados en San Javier con nuestros muebles.<\/p>\n<p>Desde elegantes tumbonas de primeras calidades hasta modernas sillas de aluminio, tenemos opciones para satisfacer todos los gustos.<\/p>\n<p><img decoding=\"async\" class=\"wp-image-12414 aligncenter\" src=\"https:\/\/mueblesjbrinas.com\/wp-content\/uploads\/2024\/03\/alf-2-1.jpg\" alt=\"tumbonas para jard\u00edn\" width=\"475\" height=\"325\" srcset=\"https:\/\/mueblesjbrinas.com\/wp-content\/uploads\/2024\/03\/alf-2-1.jpg 550w, https:\/\/mueblesjbrinas.com\/wp-content\/uploads\/2024\/03\/alf-2-1-300x205.jpg 300w, https:\/\/mueblesjbrinas.com\/wp-content\/uploads\/2024\/03\/alf-2-1-480x328.jpg 480w\" sizes=\"(max-width: 475px) 100vw, 475px\" \/><\/p>\n<h2><span class=\"ez-toc-section\" id=\"Muebles_de_exterior_en_San_Javier\"><\/span>Muebles de exterior en San Javier<span class=\"ez-toc-section-end\"><\/span><\/h2>\n<blockquote><p>Ahora con la llegada de la primavera\u2026 No hay mejor manera de disfrutar del exterior con nuestros sof\u00e1s al aire libre, disponibles en diferentes colores, tama\u00f1os y materiales.<\/p><\/blockquote>\n<p>Ya sea que busques un sof\u00e1 modular para adaptarse a tu espacio o un sof\u00e1 de dos plazas para un \u00e1rea m\u00e1s \u00edntima, en nuestro cat\u00e1logo encontrar\u00e1s el modelo ideal. Con <strong>materiales duraderos y resistentes a la intemperie<\/strong>, nuestros <a href=\"https:\/\/mueblesjbrinas.com\/es\/categoria-producto\/muebles-de-jardin\/sofas-butacas\/\" target=\"_blank\" rel=\"noopener\">sof\u00e1s<\/a> est\u00e1n dise\u00f1ados para resistir cualquier cosa y brindarte a\u00f1os de disfrute.<\/p>\n<h2><span class=\"ez-toc-section\" id=\"Creando_espacios_comodos_y_eficientes_con_nuestros_muebles_para_patio\"><\/span>Creando espacios c\u00f3modos y eficientes con nuestros muebles para patio.<span class=\"ez-toc-section-end\"><\/span><\/h2>\n<p>\u00bfQui\u00e9n dijo que no se puede disfrutar del relax durante una comida en la mesa? Trabajamos con las <strong>mejores marcas<\/strong> como Nardi o Himolla para que puedas elegir entre diferentes juegos de comedor para cenas al aire libre hasta mesas de caf\u00e9 para tus meriendas o almuerzos, sea cual sea la ocasi\u00f3n, en nuestra tienda de muebles en San Javier encontrar\u00e1s opciones para cada estilo y presupuesto.<\/p>\n<p><img decoding=\"async\" class=\"size-full wp-image-12416 aligncenter\" src=\"https:\/\/mueblesjbrinas.com\/wp-content\/uploads\/2024\/03\/aria-2-1.jpg\" alt=\"Muebles Nardi\" width=\"550\" height=\"329\" srcset=\"https:\/\/mueblesjbrinas.com\/wp-content\/uploads\/2024\/03\/aria-2-1.jpg 550w, https:\/\/mueblesjbrinas.com\/wp-content\/uploads\/2024\/03\/aria-2-1-300x179.jpg 300w, https:\/\/mueblesjbrinas.com\/wp-content\/uploads\/2024\/03\/aria-2-1-480x287.jpg 480w\" sizes=\"(max-width: 550px) 100vw, 550px\" \/><\/p>\n<h2><span class=\"ez-toc-section\" id=\"Te_esperamos_en_San_Javier_con_muebles_para_cualquier_espacio\"><\/span>Te esperamos en San Javier, con muebles para cualquier espacio.<span class=\"ez-toc-section-end\"><\/span><\/h2>\n<p>Visita nuestra reci\u00e9n inaugurada tienda de muebles en San Javier y descubre los mejores muebles para jardiness, terrazas, patios e interiores.<\/p>\n<p>Nuestro equipo de expertos estar\u00e1 encantado de ayudarte a encontrar los muebles perfectos para tu espacio y estilo de vida. Estamos comprometidos a brindarte los muebles de exterior de mayor calidad con la mejor experiencia de compra.<\/p>\n<p>Juntos, haremos que tus exteriores se conviertan en tu espacio favorito de tu hogar\u2026<br \/>\n\u00a1Te esperamos!<\/p>\n<p>No te olvides de seguirnos en redes para no perderte ninguna de nuestras novedades:<\/p>\n<p>S\u00edguenos en <a href=\"https:\/\/www.instagram.com\/mueblesjbrinas\/\" target=\"_blank\" rel=\"noopener\">Instagram<\/a><br \/>\nVisita nuestra <a href=\"https:\/\/www.facebook.com\/mueblesjbrinas\" target=\"_blank\" rel=\"noopener\">p\u00e1gina de Facebook<\/a><\/p>\n","protected":false},"excerpt":{"rendered":"<p>Tras tantos a\u00f1os en el sector, nos enorgullece mucho seguir creciendo y expandi\u00e9ndonos, y por eso ahora podemos llevar nuestra amplia gama de muebles de exterior premium a San Javier. Aqu\u00ed en In&amp;Out tendr\u00e1s todo lo necesario para transformar tu espacio exterior en un oasis de confort. Explora nuestra tienda de muebles para jardines terrazas &hellip;<\/p>\n","protected":false},"author":12,"featured_media":14001,"comment_status":"closed","ping_status":"closed","sticky":false,"template":"","format":"standard","meta":{"_acf_changed":false,"_joinchat":[],"footnotes":""},"categories":[178],"tags":[],"class_list":["post-12409","post","type-post","status-publish","format-standard","has-post-thumbnail","hentry","category-muebles-de-exterior"],"acf":[],"yoast_head":"<!-- This site is optimized with the Yoast SEO Premium plugin v22.5 (Yoast SEO v24.8) - https:\/\/yoast.com\/wordpress\/plugins\/seo\/ -->\n<title>\u25b7 San Javier In&amp;Out | Muebles para Jardines, Terrazas y Patios<\/title>\n<meta name=\"description\" content=\"Ven a nuestra nueva sede en San Javier, muebles para jard\u00edn, terrazas y patios, las mejores calidades y variedad de estilos, en In&amp;Out.\" \/>\n<meta name=\"robots\" content=\"index, follow, max-snippet:-1, max-image-preview:large, max-video-preview:-1\" \/>\n<link rel=\"canonical\" href=\"https:\/\/mueblesjbrinas.com\/es\/san-javier-muebles-jardines-terraza-patio\/\" \/>\n<meta property=\"og:locale\" content=\"es_ES\" \/>\n<meta property=\"og:type\" content=\"article\" \/>\n<meta property=\"og:title\" content=\"Muebles en San Javier, para jardines, terrazas, patios e interior | In&amp;Out\" \/>\n<meta property=\"og:description\" content=\"Ven a nuestra nueva sede en San Javier, muebles para jard\u00edn, terrazas y patios, las mejores calidades y variedad de estilos, en In&amp;Out.\" \/>\n<meta property=\"og:url\" content=\"https:\/\/mueblesjbrinas.com\/es\/san-javier-muebles-jardines-terraza-patio\/\" \/>\n<meta property=\"og:site_name\" content=\"In &amp; Out Furniture\" \/>\n<meta property=\"article:publisher\" content=\"https:\/\/www.facebook.com\/mueblesjbrinas\" \/>\n<meta property=\"article:published_time\" content=\"2024-03-25T14:27:47+00:00\" \/>\n<meta property=\"article:modified_time\" content=\"2026-01-08T10:45:00+00:00\" \/>\n<meta property=\"og:image\" content=\"https:\/\/mueblesjbrinas.com\/wp-content\/uploads\/2024\/03\/Portadas-Web-GMB-InOut-Furniture.jpg\" \/>\n\t<meta property=\"og:image:width\" content=\"700\" \/>\n\t<meta property=\"og:image:height\" content=\"437\" \/>\n\t<meta property=\"og:image:type\" content=\"image\/jpeg\" \/>\n<meta name=\"author\" content=\"In &amp; Out Furniture\" \/>\n<meta name=\"twitter:card\" content=\"summary_large_image\" \/>\n<meta name=\"twitter:label1\" content=\"Escrito por\" \/>\n\t<meta name=\"twitter:data1\" content=\"In &amp; Out Furniture\" \/>\n\t<meta name=\"twitter:label2\" content=\"Tiempo de lectura\" \/>\n\t<meta name=\"twitter:data2\" content=\"3 minutos\" \/>\n<script type=\"application\/ld+json\" class=\"yoast-schema-graph\">{\"@context\":\"https:\/\/schema.org\",\"@graph\":[{\"@type\":\"Article\",\"@id\":\"https:\/\/mueblesjbrinas.com\/es\/san-javier-muebles-jardines-terraza-patio\/#article\",\"isPartOf\":{\"@id\":\"https:\/\/mueblesjbrinas.com\/es\/san-javier-muebles-jardines-terraza-patio\/\"},\"author\":{\"name\":\"In &amp; Out Furniture\",\"@id\":\"https:\/\/mueblesjbrinas.com\/es\/#\/schema\/person\/a2ea3760636f73f8eaa34ffd5e62a802\"},\"headline\":\"Muebles en San Javier, para jardines, terrazas, patios e interior | In&#038;Out\",\"datePublished\":\"2024-03-25T14:27:47+00:00\",\"dateModified\":\"2026-01-08T10:45:00+00:00\",\"mainEntityOfPage\":{\"@id\":\"https:\/\/mueblesjbrinas.com\/es\/san-javier-muebles-jardines-terraza-patio\/\"},\"wordCount\":513,\"publisher\":{\"@id\":\"https:\/\/mueblesjbrinas.com\/es\/#organization\"},\"image\":{\"@id\":\"https:\/\/mueblesjbrinas.com\/es\/san-javier-muebles-jardines-terraza-patio\/#primaryimage\"},\"thumbnailUrl\":\"https:\/\/mueblesjbrinas.com\/wp-content\/uploads\/2024\/03\/Portadas-Web-GMB-InOut-Furniture.jpg\",\"articleSection\":[\"Muebles de exterior\"],\"inLanguage\":\"es\"},{\"@type\":\"WebPage\",\"@id\":\"https:\/\/mueblesjbrinas.com\/es\/san-javier-muebles-jardines-terraza-patio\/\",\"url\":\"https:\/\/mueblesjbrinas.com\/es\/san-javier-muebles-jardines-terraza-patio\/\",\"name\":\"\u25b7 San Javier In&Out | Muebles para Jardines, Terrazas y Patios\",\"isPartOf\":{\"@id\":\"https:\/\/mueblesjbrinas.com\/es\/#website\"},\"primaryImageOfPage\":{\"@id\":\"https:\/\/mueblesjbrinas.com\/es\/san-javier-muebles-jardines-terraza-patio\/#primaryimage\"},\"image\":{\"@id\":\"https:\/\/mueblesjbrinas.com\/es\/san-javier-muebles-jardines-terraza-patio\/#primaryimage\"},\"thumbnailUrl\":\"https:\/\/mueblesjbrinas.com\/wp-content\/uploads\/2024\/03\/Portadas-Web-GMB-InOut-Furniture.jpg\",\"datePublished\":\"2024-03-25T14:27:47+00:00\",\"dateModified\":\"2026-01-08T10:45:00+00:00\",\"description\":\"Ven a nuestra nueva sede en San Javier, muebles para jard\u00edn, terrazas y patios, las mejores calidades y variedad de estilos, en In&Out.\",\"breadcrumb\":{\"@id\":\"https:\/\/mueblesjbrinas.com\/es\/san-javier-muebles-jardines-terraza-patio\/#breadcrumb\"},\"inLanguage\":\"es\",\"potentialAction\":[{\"@type\":\"ReadAction\",\"target\":[\"https:\/\/mueblesjbrinas.com\/es\/san-javier-muebles-jardines-terraza-patio\/\"]}]},{\"@type\":\"ImageObject\",\"inLanguage\":\"es\",\"@id\":\"https:\/\/mueblesjbrinas.com\/es\/san-javier-muebles-jardines-terraza-patio\/#primaryimage\",\"url\":\"https:\/\/mueblesjbrinas.com\/wp-content\/uploads\/2024\/03\/Portadas-Web-GMB-InOut-Furniture.jpg\",\"contentUrl\":\"https:\/\/mueblesjbrinas.com\/wp-content\/uploads\/2024\/03\/Portadas-Web-GMB-InOut-Furniture.jpg\",\"width\":700,\"height\":437},{\"@type\":\"BreadcrumbList\",\"@id\":\"https:\/\/mueblesjbrinas.com\/es\/san-javier-muebles-jardines-terraza-patio\/#breadcrumb\",\"itemListElement\":[{\"@type\":\"ListItem\",\"position\":1,\"name\":\"Portada\",\"item\":\"https:\/\/mueblesjbrinas.com\/es\/\"},{\"@type\":\"ListItem\",\"position\":2,\"name\":\"Muebles en San Javier, para jardines, terrazas, patios e interior | In&#038;Out\"}]},{\"@type\":\"WebSite\",\"@id\":\"https:\/\/mueblesjbrinas.com\/es\/#website\",\"url\":\"https:\/\/mueblesjbrinas.com\/es\/\",\"name\":\"Muebles Bri\u00f1as\",\"description\":\"Online Outdoor Furniture Shop in Costa Blanca. Torrevieja, Rojales, Guardamar, San Javier.\",\"publisher\":{\"@id\":\"https:\/\/mueblesjbrinas.com\/es\/#organization\"},\"potentialAction\":[{\"@type\":\"SearchAction\",\"target\":{\"@type\":\"EntryPoint\",\"urlTemplate\":\"https:\/\/mueblesjbrinas.com\/es\/?s={search_term_string}\"},\"query-input\":{\"@type\":\"PropertyValueSpecification\",\"valueRequired\":true,\"valueName\":\"search_term_string\"}}],\"inLanguage\":\"es\"},{\"@type\":\"Organization\",\"@id\":\"https:\/\/mueblesjbrinas.com\/es\/#organization\",\"name\":\"In&Out Furniture\",\"alternateName\":\"Muebles J. Bri\u00f1as\",\"url\":\"https:\/\/mueblesjbrinas.com\/es\/\",\"logo\":{\"@type\":\"ImageObject\",\"inLanguage\":\"es\",\"@id\":\"https:\/\/mueblesjbrinas.com\/es\/#\/schema\/logo\/image\/\",\"url\":\"https:\/\/mueblesjbrinas.com\/wp-content\/uploads\/2018\/03\/logo-web.png\",\"contentUrl\":\"https:\/\/mueblesjbrinas.com\/wp-content\/uploads\/2018\/03\/logo-web.png\",\"width\":300,\"height\":146,\"caption\":\"In&Out Furniture\"},\"image\":{\"@id\":\"https:\/\/mueblesjbrinas.com\/es\/#\/schema\/logo\/image\/\"},\"sameAs\":[\"https:\/\/www.facebook.com\/mueblesjbrinas\"]},{\"@type\":\"Person\",\"@id\":\"https:\/\/mueblesjbrinas.com\/es\/#\/schema\/person\/a2ea3760636f73f8eaa34ffd5e62a802\",\"name\":\"In &amp; Out Furniture\",\"sameAs\":[\"https:\/\/evolmk.com\"],\"url\":\"https:\/\/mueblesjbrinas.com\/es\/author\/desarrollo\/\"}]}<\/script>\n<!-- \/ Yoast SEO Premium plugin. -->","yoast_head_json":{"title":"\u25b7 San Javier In&Out | Muebles para Jardines, Terrazas y Patios","description":"Ven a nuestra nueva sede en San Javier, muebles para jard\u00edn, terrazas y patios, las mejores calidades y variedad de estilos, en In&Out.","robots":{"index":"index","follow":"follow","max-snippet":"max-snippet:-1","max-image-preview":"max-image-preview:large","max-video-preview":"max-video-preview:-1"},"canonical":"https:\/\/mueblesjbrinas.com\/es\/san-javier-muebles-jardines-terraza-patio\/","og_locale":"es_ES","og_type":"article","og_title":"Muebles en San Javier, para jardines, terrazas, patios e interior | In&Out","og_description":"Ven a nuestra nueva sede en San Javier, muebles para jard\u00edn, terrazas y patios, las mejores calidades y variedad de estilos, en In&Out.","og_url":"https:\/\/mueblesjbrinas.com\/es\/san-javier-muebles-jardines-terraza-patio\/","og_site_name":"In &amp; Out Furniture","article_publisher":"https:\/\/www.facebook.com\/mueblesjbrinas","article_published_time":"2024-03-25T14:27:47+00:00","article_modified_time":"2026-01-08T10:45:00+00:00","og_image":[{"width":700,"height":437,"url":"https:\/\/mueblesjbrinas.com\/wp-content\/uploads\/2024\/03\/Portadas-Web-GMB-InOut-Furniture.jpg","type":"image\/jpeg"}],"author":"In &amp; Out Furniture","twitter_card":"summary_large_image","twitter_misc":{"Escrito por":"In &amp; Out Furniture","Tiempo de lectura":"3 minutos"},"schema":{"@context":"https:\/\/schema.org","@graph":[{"@type":"Article","@id":"https:\/\/mueblesjbrinas.com\/es\/san-javier-muebles-jardines-terraza-patio\/#article","isPartOf":{"@id":"https:\/\/mueblesjbrinas.com\/es\/san-javier-muebles-jardines-terraza-patio\/"},"author":{"name":"In &amp; Out Furniture","@id":"https:\/\/mueblesjbrinas.com\/es\/#\/schema\/person\/a2ea3760636f73f8eaa34ffd5e62a802"},"headline":"Muebles en San Javier, para jardines, terrazas, patios e interior | In&#038;Out","datePublished":"2024-03-25T14:27:47+00:00","dateModified":"2026-01-08T10:45:00+00:00","mainEntityOfPage":{"@id":"https:\/\/mueblesjbrinas.com\/es\/san-javier-muebles-jardines-terraza-patio\/"},"wordCount":513,"publisher":{"@id":"https:\/\/mueblesjbrinas.com\/es\/#organization"},"image":{"@id":"https:\/\/mueblesjbrinas.com\/es\/san-javier-muebles-jardines-terraza-patio\/#primaryimage"},"thumbnailUrl":"https:\/\/mueblesjbrinas.com\/wp-content\/uploads\/2024\/03\/Portadas-Web-GMB-InOut-Furniture.jpg","articleSection":["Muebles de exterior"],"inLanguage":"es"},{"@type":"WebPage","@id":"https:\/\/mueblesjbrinas.com\/es\/san-javier-muebles-jardines-terraza-patio\/","url":"https:\/\/mueblesjbrinas.com\/es\/san-javier-muebles-jardines-terraza-patio\/","name":"\u25b7 San Javier In&Out | Muebles para Jardines, Terrazas y Patios","isPartOf":{"@id":"https:\/\/mueblesjbrinas.com\/es\/#website"},"primaryImageOfPage":{"@id":"https:\/\/mueblesjbrinas.com\/es\/san-javier-muebles-jardines-terraza-patio\/#primaryimage"},"image":{"@id":"https:\/\/mueblesjbrinas.com\/es\/san-javier-muebles-jardines-terraza-patio\/#primaryimage"},"thumbnailUrl":"https:\/\/mueblesjbrinas.com\/wp-content\/uploads\/2024\/03\/Portadas-Web-GMB-InOut-Furniture.jpg","datePublished":"2024-03-25T14:27:47+00:00","dateModified":"2026-01-08T10:45:00+00:00","description":"Ven a nuestra nueva sede en San Javier, muebles para jard\u00edn, terrazas y patios, las mejores calidades y variedad de estilos, en In&Out.","breadcrumb":{"@id":"https:\/\/mueblesjbrinas.com\/es\/san-javier-muebles-jardines-terraza-patio\/#breadcrumb"},"inLanguage":"es","potentialAction":[{"@type":"ReadAction","target":["https:\/\/mueblesjbrinas.com\/es\/san-javier-muebles-jardines-terraza-patio\/"]}]},{"@type":"ImageObject","inLanguage":"es","@id":"https:\/\/mueblesjbrinas.com\/es\/san-javier-muebles-jardines-terraza-patio\/#primaryimage","url":"https:\/\/mueblesjbrinas.com\/wp-content\/uploads\/2024\/03\/Portadas-Web-GMB-InOut-Furniture.jpg","contentUrl":"https:\/\/mueblesjbrinas.com\/wp-content\/uploads\/2024\/03\/Portadas-Web-GMB-InOut-Furniture.jpg","width":700,"height":437},{"@type":"BreadcrumbList","@id":"https:\/\/mueblesjbrinas.com\/es\/san-javier-muebles-jardines-terraza-patio\/#breadcrumb","itemListElement":[{"@type":"ListItem","position":1,"name":"Portada","item":"https:\/\/mueblesjbrinas.com\/es\/"},{"@type":"ListItem","position":2,"name":"Muebles en San Javier, para jardines, terrazas, patios e interior | In&#038;Out"}]},{"@type":"WebSite","@id":"https:\/\/mueblesjbrinas.com\/es\/#website","url":"https:\/\/mueblesjbrinas.com\/es\/","name":"Muebles Bri\u00f1as","description":"Online Outdoor Furniture Shop in Costa Blanca. Torrevieja, Rojales, Guardamar, San Javier.","publisher":{"@id":"https:\/\/mueblesjbrinas.com\/es\/#organization"},"potentialAction":[{"@type":"SearchAction","target":{"@type":"EntryPoint","urlTemplate":"https:\/\/mueblesjbrinas.com\/es\/?s={search_term_string}"},"query-input":{"@type":"PropertyValueSpecification","valueRequired":true,"valueName":"search_term_string"}}],"inLanguage":"es"},{"@type":"Organization","@id":"https:\/\/mueblesjbrinas.com\/es\/#organization","name":"In&Out Furniture","alternateName":"Muebles J. Bri\u00f1as","url":"https:\/\/mueblesjbrinas.com\/es\/","logo":{"@type":"ImageObject","inLanguage":"es","@id":"https:\/\/mueblesjbrinas.com\/es\/#\/schema\/logo\/image\/","url":"https:\/\/mueblesjbrinas.com\/wp-content\/uploads\/2018\/03\/logo-web.png","contentUrl":"https:\/\/mueblesjbrinas.com\/wp-content\/uploads\/2018\/03\/logo-web.png","width":300,"height":146,"caption":"In&Out Furniture"},"image":{"@id":"https:\/\/mueblesjbrinas.com\/es\/#\/schema\/logo\/image\/"},"sameAs":["https:\/\/www.facebook.com\/mueblesjbrinas"]},{"@type":"Person","@id":"https:\/\/mueblesjbrinas.com\/es\/#\/schema\/person\/a2ea3760636f73f8eaa34ffd5e62a802","name":"In &amp; Out Furniture","sameAs":["https:\/\/evolmk.com"],"url":"https:\/\/mueblesjbrinas.com\/es\/author\/desarrollo\/"}]}},"_links":{"self":[{"href":"https:\/\/mueblesjbrinas.com\/es\/wp-json\/wp\/v2\/posts\/12409","targetHints":{"allow":["GET"]}}],"collection":[{"href":"https:\/\/mueblesjbrinas.com\/es\/wp-json\/wp\/v2\/posts"}],"about":[{"href":"https:\/\/mueblesjbrinas.com\/es\/wp-json\/wp\/v2\/types\/post"}],"author":[{"embeddable":true,"href":"https:\/\/mueblesjbrinas.com\/es\/wp-json\/wp\/v2\/users\/12"}],"replies":[{"embeddable":true,"href":"https:\/\/mueblesjbrinas.com\/es\/wp-json\/wp\/v2\/comments?post=12409"}],"version-history":[{"count":9,"href":"https:\/\/mueblesjbrinas.com\/es\/wp-json\/wp\/v2\/posts\/12409\/revisions"}],"predecessor-version":[{"id":14211,"href":"https:\/\/mueblesjbrinas.com\/es\/wp-json\/wp\/v2\/posts\/12409\/revisions\/14211"}],"wp:featuredmedia":[{"embeddable":true,"href":"https:\/\/mueblesjbrinas.com\/es\/wp-json\/wp\/v2\/media\/14001"}],"wp:attachment":[{"href":"https:\/\/mueblesjbrinas.com\/es\/wp-json\/wp\/v2\/media?parent=12409"}],"wp:term":[{"taxonomy":"category","embeddable":true,"href":"https:\/\/mueblesjbrinas.com\/es\/wp-json\/wp\/v2\/categories?post=12409"},{"taxonomy":"post_tag","embeddable":true,"href":"https:\/\/mueblesjbrinas.com\/es\/wp-json\/wp\/v2\/tags?post=12409"}],"curies":[{"name":"wp","href":"https:\/\/api.w.org\/{rel}","templated":true}]}}